{"id":4986,"date":"2025-01-14T16:13:05","date_gmt":"2025-01-14T15:13:05","guid":{"rendered":"https:\/\/www.stilladrops.hu\/?p=4986"},"modified":"2025-03-03T22:04:39","modified_gmt":"2025-03-03T21:04:39","slug":"seasonal-hair-loss-why-it-happens-and-how-to-manage-it","status":"publish","type":"post","link":"https:\/\/www.stilladrops.hu\/en\/seasonal-hair-loss-why-it-happens-and-how-to-manage-it\/","title":{"rendered":"Seasonal Hair Loss: Why It Happens, and How to Manage It"},"content":{"rendered":"\n<p>Seasonal hair loss affects many people, particularly during the autumn months. While this is a natural phenomenon, it can still be alarming to see more hair shedding than usual. But why does it happen, and what can you do about it? Let\u2019s dive into the reasons behind seasonal hair loss and share some practical tips to keep it under control.<\/p>\n\n\n\n<p><strong>What Causes Seasonal Hair Loss?<\/strong><\/p>\n\n\n\n<p>Hair loss is a natural part of the hair growth cycle. On average, we lose 50\u2013100 hairs per day, but during seasonal hair loss, this number may increase. In autumn, several factors contribute to this phenomenon:<\/p>\n\n\n\n<ol start=\"1\" class=\"wp-block-list\">\n<li><strong>Summer Sun Exposure:<\/strong><br>Sunlight stimulates hair growth, but prolonged UV exposure during summer can damage hair follicles, leading to shedding a few months later.<\/li>\n\n\n\n<li><strong>Hormonal Changes:<\/strong><br>Hair growth cycles may vary with the seasons, and in autumn, hair follicles often enter a resting phase, causing more shedding.<\/li>\n\n\n\n<li><strong>Nutrient Deficiency:<\/strong><br>After summer, the body\u2019s levels of essential vitamins and minerals, such as iron, zinc, or biotin, may decline, impacting hair health.<\/li>\n\n\n\n<li><strong>Stress:<\/strong><br>Increased stress and lifestyle changes toward the end of the year can also contribute to hair loss.<\/li>\n<\/ol>\n\n\n\n<p><strong>How Can You Manage Seasonal Hair Loss?<\/strong><\/p>\n\n\n\n<p>Seasonal hair loss is usually temporary and resolves on its own. However, there are steps you can take to strengthen your hair follicles and maintain healthy hair:<\/p>\n\n\n\n<ol start=\"1\" class=\"wp-block-list\">\n<li><strong>Focus on a Balanced Diet:<\/strong>\n<ul class=\"wp-block-list\">\n<li>Include protein-rich foods like eggs, fish, and legumes.<\/li>\n\n\n\n<li>Boost your intake of iron, zinc, and biotin, which support hair growth.<\/li>\n\n\n\n<li>Add antioxidant-rich foods, such as berries and leafy greens, to your meals.<\/li>\n<\/ul>\n<\/li>\n\n\n\n<li><strong>Use Targeted Hair Care Products:<\/strong>\n<ul class=\"wp-block-list\">\n<li>Opt for shampoos and serums designed to reduce hair loss and improve scalp circulation.<\/li>\n\n\n\n<li>Try natural oils like castor oil for nourishing hair treatments.<\/li>\n<\/ul>\n<\/li>\n\n\n\n<li><strong>Manage Stress Levels:<\/strong>\n<ul class=\"wp-block-list\">\n<li>Stress negatively affects hair health, so incorporate relaxation techniques like yoga, meditation, or deep breathing exercises into your daily routine.<\/li>\n<\/ul>\n<\/li>\n\n\n\n<li><strong>Take Vitamins and Supplements:<\/strong>\n<ul class=\"wp-block-list\">\n<li>Supplements containing amla, zinc, vitamin D, and biotin can help reduce hair loss and improve overall hair health.<\/li>\n<\/ul>\n<\/li>\n\n\n\n<li><strong>Protect Your Hair:<\/strong>\n<ul class=\"wp-block-list\">\n<li>Avoid excessive use of hot styling tools.<\/li>\n\n\n\n<li>Shield your hair from cold weather with hats or scarves.<\/li>\n<\/ul>\n<\/li>\n<\/ol>\n\n\n\n<p><strong>When Should You See a Doctor?<\/strong><\/p>\n\n\n\n<p>If your hair loss is unusually severe, occurs in patches, or persists for several months, it\u2019s a good idea to consult a specialist. A trichologist or dermatologist can identify the underlying causes and recommend effective treatments.<\/p>\n\n\n\n<p>Seasonal hair loss is a natural occurrence, most commonly seen during autumn. While it can be concerning, simple lifestyle changes and targeted hair care can help reduce its impact. By maintaining a healthy diet, using appropriate products, and managing stress, you can keep your hair strong and healthy all year long.<\/p>\n","protected":false},"excerpt":{"rendered":"<p>Seasonal hair loss affects many people, particularly during the autumn months. While this is a natural phenomenon, it can still be alarming to see more hair shedding than usual. But why does it happen, and what can you [&hellip;]<\/p>\n","protected":false},"author":31,"featured_media":0,"comment_status":"closed","ping_status":"","sticky":false,"template":"","format":"standard","meta":{"_uag_custom_page_level_css":"","site-sidebar-layout":"default","site-content-layout":"","ast-site-content-layout":"default","site-content-style":"default","site-sidebar-style":"default","ast-global-header-display":"","ast-banner-title-visibility":"","ast-main-header-display":"","ast-hfb-above-header-display":"","ast-hfb-below-header-display":"","ast-hfb-mobile-header-display":"","site-post-title":"","ast-breadcrumbs-content":"","ast-featured-img":"","footer-sml-layout":"","ast-disable-related-posts":"","theme-transparent-header-meta":"","adv-header-id-meta":"","stick-header-meta":"","header-above-stick-meta":"","header-main-stick-meta":"","header-below-stick-meta":"","astra-migrate-meta-layouts":"set","ast-page-background-enabled":"default","ast-page-background-meta":{"desktop":{"background-color":"","background-image":"","background-repeat":"repeat","background-position":"center center","background-size":"auto","background-attachment":"scroll","background-type":"","background-media":"","overlay-type":"","overlay-color":"","overlay-opacity":"","overlay-gradient":""},"tablet":{"background-color":"","background-image":"","background-repeat":"repeat","background-position":"center center","background-size":"auto","background-attachment":"scroll","background-type":"","background-media":"","overlay-type":"","overlay-color":"","overlay-opacity":"","overlay-gradient":""},"mobile":{"background-color":"","background-image":"","background-repeat":"repeat","background-position":"center center","background-size":"auto","background-attachment":"scroll","background-type":"","background-media":"","overlay-type":"","overlay-color":"","overlay-opacity":"","overlay-gradient":""}},"ast-content-background-meta":{"desktop":{"background-color":"var(--ast-global-color-5)","background-image":"","background-repeat":"repeat","background-position":"center center","background-size":"auto","background-attachment":"scroll","background-type":"","background-media":"","overlay-type":"","overlay-color":"","overlay-opacity":"","overlay-gradient":""},"tablet":{"background-color":"var(--ast-global-color-5)","background-image":"","background-repeat":"repeat","background-position":"center center","background-size":"auto","background-attachment":"scroll","background-type":"","background-media":"","overlay-type":"","overlay-color":"","overlay-opacity":"","overlay-gradient":""},"mobile":{"background-color":"var(--ast-global-color-5)","background-image":"","background-repeat":"repeat","background-position":"center center","background-size":"auto","background-attachment":"scroll","background-type":"","background-media":"","overlay-type":"","overlay-color":"","overlay-opacity":"","overlay-gradient":""}},"footnotes":""},"categories":[44],"tags":[],"class_list":["post-4986","post","type-post","status-publish","format-standard","hentry","category-stilla"],"yoast_head":"<!-- This site is optimized with the Yoast SEO Premium plugin v27.5 (Yoast SEO v27.5) - https:\/\/yoast.com\/product\/yoast-seo-premium-wordpress\/ -->\n<title>Seasonal Hair Loss: Why It Happens, and How to Manage It - Stilla<\/title>\n<meta name=\"robots\" content=\"index, follow, max-snippet:-1, max-image-preview:large, max-video-preview:-1\" \/>\n<link rel=\"canonical\" href=\"https:\/\/www.stilladrops.hu\/en\/seasonal-hair-loss-why-it-happens-and-how-to-manage-it\/\" \/>\n<meta property=\"og:locale\" content=\"en_US\" \/>\n<meta property=\"og:type\" content=\"article\" \/>\n<meta property=\"og:title\" content=\"Seasonal Hair Loss: Why It Happens, and How to Manage It\" \/>\n<meta property=\"og:description\" content=\"Seasonal hair loss affects many people, particularly during the autumn months. While this is a natural phenomenon, it can still be alarming to see more hair shedding than usual. But why does it happen, and what can you [&hellip;]\" \/>\n<meta property=\"og:url\" content=\"https:\/\/www.stilladrops.hu\/en\/seasonal-hair-loss-why-it-happens-and-how-to-manage-it\/\" \/>\n<meta property=\"og:site_name\" content=\"Stilla\" \/>\n<meta property=\"article:publisher\" content=\"https:\/\/www.facebook.com\/stillapure\" \/>\n<meta property=\"article:published_time\" content=\"2025-01-14T15:13:05+00:00\" \/>\n<meta property=\"article:modified_time\" content=\"2025-03-03T21:04:39+00:00\" \/>\n<meta property=\"og:image\" content=\"https:\/\/www.stilladrops.hu\/wp-content\/uploads\/2025\/02\/stilla-header-desktop-bg-febr.jpg\" \/>\n\t<meta property=\"og:image:width\" content=\"1920\" \/>\n\t<meta property=\"og:image:height\" content=\"1080\" \/>\n\t<meta property=\"og:image:type\" content=\"image\/jpeg\" \/>\n<meta name=\"author\" content=\"agnes blaho\" \/>\n<meta name=\"twitter:card\" content=\"summary_large_image\" \/>\n<meta name=\"twitter:label1\" content=\"Written by\" \/>\n\t<meta name=\"twitter:data1\" content=\"agnes blaho\" \/>\n\t<meta name=\"twitter:label2\" content=\"Est. reading time\" \/>\n\t<meta name=\"twitter:data2\" content=\"2 minutes\" \/>\n<script type=\"application\/ld+json\" class=\"yoast-schema-graph\">{\"@context\":\"https:\\\/\\\/schema.org\",\"@graph\":[{\"@type\":\"Article\",\"@id\":\"https:\\\/\\\/www.stilladrops.hu\\\/en\\\/seasonal-hair-loss-why-it-happens-and-how-to-manage-it\\\/#article\",\"isPartOf\":{\"@id\":\"https:\\\/\\\/www.stilladrops.hu\\\/en\\\/seasonal-hair-loss-why-it-happens-and-how-to-manage-it\\\/\"},\"author\":{\"name\":\"agnes blaho\",\"@id\":\"https:\\\/\\\/www.stilladrops.hu\\\/#\\\/schema\\\/person\\\/907ca1a80dfaae5ce40fa9d38b79fefa\"},\"headline\":\"Seasonal Hair Loss: Why It Happens, and How to Manage It\",\"datePublished\":\"2025-01-14T15:13:05+00:00\",\"dateModified\":\"2025-03-03T21:04:39+00:00\",\"mainEntityOfPage\":{\"@id\":\"https:\\\/\\\/www.stilladrops.hu\\\/en\\\/seasonal-hair-loss-why-it-happens-and-how-to-manage-it\\\/\"},\"wordCount\":460,\"publisher\":{\"@id\":\"https:\\\/\\\/www.stilladrops.hu\\\/#organization\"},\"articleSection\":[\"Stilla\"],\"inLanguage\":\"en-US\"},{\"@type\":\"WebPage\",\"@id\":\"https:\\\/\\\/www.stilladrops.hu\\\/en\\\/seasonal-hair-loss-why-it-happens-and-how-to-manage-it\\\/\",\"url\":\"https:\\\/\\\/www.stilladrops.hu\\\/en\\\/seasonal-hair-loss-why-it-happens-and-how-to-manage-it\\\/\",\"name\":\"Seasonal Hair Loss: Why It Happens, and How to Manage It - Stilla\",\"isPartOf\":{\"@id\":\"https:\\\/\\\/www.stilladrops.hu\\\/#website\"},\"datePublished\":\"2025-01-14T15:13:05+00:00\",\"dateModified\":\"2025-03-03T21:04:39+00:00\",\"breadcrumb\":{\"@id\":\"https:\\\/\\\/www.stilladrops.hu\\\/en\\\/seasonal-hair-loss-why-it-happens-and-how-to-manage-it\\\/#breadcrumb\"},\"inLanguage\":\"en-US\",\"potentialAction\":[{\"@type\":\"ReadAction\",\"target\":[\"https:\\\/\\\/www.stilladrops.hu\\\/en\\\/seasonal-hair-loss-why-it-happens-and-how-to-manage-it\\\/\"]}]},{\"@type\":\"BreadcrumbList\",\"@id\":\"https:\\\/\\\/www.stilladrops.hu\\\/en\\\/seasonal-hair-loss-why-it-happens-and-how-to-manage-it\\\/#breadcrumb\",\"itemListElement\":[{\"@type\":\"ListItem\",\"position\":1,\"name\":\"Kezd\u0151lap\",\"item\":\"https:\\\/\\\/www.stilladrops.hu\\\/\"},{\"@type\":\"ListItem\",\"position\":2,\"name\":\"Seasonal Hair Loss: Why It Happens, and How to Manage It\"}]},{\"@type\":\"WebSite\",\"@id\":\"https:\\\/\\\/www.stilladrops.hu\\\/#website\",\"url\":\"https:\\\/\\\/www.stilladrops.hu\\\/\",\"name\":\"Stilla\",\"description\":\"V\u00edzalap\u00fa mikrot\u00e1panyag-cseppek a leg\u00fajabb fulvinsav-technol\u00f3gi\u00e1val.\",\"publisher\":{\"@id\":\"https:\\\/\\\/www.stilladrops.hu\\\/#organization\"},\"potentialAction\":[{\"@type\":\"SearchAction\",\"target\":{\"@type\":\"EntryPoint\",\"urlTemplate\":\"https:\\\/\\\/www.stilladrops.hu\\\/?s={search_term_string}\"},\"query-input\":{\"@type\":\"PropertyValueSpecification\",\"valueRequired\":true,\"valueName\":\"search_term_string\"}}],\"inLanguage\":\"en-US\"},{\"@type\":\"Organization\",\"@id\":\"https:\\\/\\\/www.stilladrops.hu\\\/#organization\",\"name\":\"Stilla\",\"url\":\"https:\\\/\\\/www.stilladrops.hu\\\/\",\"logo\":{\"@type\":\"ImageObject\",\"inLanguage\":\"en-US\",\"@id\":\"https:\\\/\\\/www.stilladrops.hu\\\/#\\\/schema\\\/logo\\\/image\\\/\",\"url\":\"https:\\\/\\\/www.stilladrops.hu\\\/wp-content\\\/uploads\\\/2023\\\/03\\\/favicon.jpg\",\"contentUrl\":\"https:\\\/\\\/www.stilladrops.hu\\\/wp-content\\\/uploads\\\/2023\\\/03\\\/favicon.jpg\",\"width\":150,\"height\":150,\"caption\":\"Stilla\"},\"image\":{\"@id\":\"https:\\\/\\\/www.stilladrops.hu\\\/#\\\/schema\\\/logo\\\/image\\\/\"},\"sameAs\":[\"https:\\\/\\\/www.facebook.com\\\/stillapure\",\"https:\\\/\\\/www.youtube.com\\\/@StillaPure\",\"https:\\\/\\\/www.instagram.com\\\/stilladrops\",\"https:\\\/\\\/www.linkedin.com\\\/company\\\/stilladrops\"],\"description\":\"A Stilla term\u00e9kek nemcsak innovat\u00edvak, hanem \u00e1tgondoltan emberk\u00f6zpont\u00faak is. Olyan k\u00e9sz\u00edtm\u00e9nyeket alkotunk, amelyeket mi magunk is fogyasztunk \u00e9s sz\u00edvesen adunk szeretteinknek \u2013 mert sz\u00e1munkra az eg\u00e9szs\u00e9g nem csak c\u00e9l, hanem hossz\u00fat\u00e1v\u00fa befektet\u00e9s is.\",\"email\":\"info@stilladrops.hu\",\"telephone\":\"+36 30 362 8123\",\"legalName\":\"Quattroceuticals KFT.\",\"publishingPrinciples\":\"https:\\\/\\\/www.stilladrops.hu\\\/technologia\\\/\",\"ownershipFundingInfo\":\"https:\\\/\\\/www.stilladrops.hu\\\/elerhetosegek\\\/\"},{\"@type\":\"Person\",\"@id\":\"https:\\\/\\\/www.stilladrops.hu\\\/#\\\/schema\\\/person\\\/907ca1a80dfaae5ce40fa9d38b79fefa\",\"name\":\"agnes blaho\",\"image\":{\"@type\":\"ImageObject\",\"inLanguage\":\"en-US\",\"@id\":\"https:\\\/\\\/secure.gravatar.com\\\/avatar\\\/436a1f4f42f1269946bc29f8c3a171b084da7b4aacf0b3ef6b49e5e44a0a9890?s=96&d=mm&r=g\",\"url\":\"https:\\\/\\\/secure.gravatar.com\\\/avatar\\\/436a1f4f42f1269946bc29f8c3a171b084da7b4aacf0b3ef6b49e5e44a0a9890?s=96&d=mm&r=g\",\"contentUrl\":\"https:\\\/\\\/secure.gravatar.com\\\/avatar\\\/436a1f4f42f1269946bc29f8c3a171b084da7b4aacf0b3ef6b49e5e44a0a9890?s=96&d=mm&r=g\",\"caption\":\"agnes blaho\"},\"url\":\"https:\\\/\\\/www.stilladrops.hu\\\/en\\\/author\\\/agi1\\\/\"}]}<\/script>\n<!-- \/ Yoast SEO Premium plugin. -->","yoast_head_json":{"title":"Seasonal Hair Loss: Why It Happens, and How to Manage It - Stilla","robots":{"index":"index","follow":"follow","max-snippet":"max-snippet:-1","max-image-preview":"max-image-preview:large","max-video-preview":"max-video-preview:-1"},"canonical":"https:\/\/www.stilladrops.hu\/en\/seasonal-hair-loss-why-it-happens-and-how-to-manage-it\/","og_locale":"en_US","og_type":"article","og_title":"Seasonal Hair Loss: Why It Happens, and How to Manage It","og_description":"Seasonal hair loss affects many people, particularly during the autumn months. While this is a natural phenomenon, it can still be alarming to see more hair shedding than usual. But why does it happen, and what can you [&hellip;]","og_url":"https:\/\/www.stilladrops.hu\/en\/seasonal-hair-loss-why-it-happens-and-how-to-manage-it\/","og_site_name":"Stilla","article_publisher":"https:\/\/www.facebook.com\/stillapure","article_published_time":"2025-01-14T15:13:05+00:00","article_modified_time":"2025-03-03T21:04:39+00:00","og_image":[{"width":1920,"height":1080,"url":"https:\/\/www.stilladrops.hu\/wp-content\/uploads\/2025\/02\/stilla-header-desktop-bg-febr.jpg","type":"image\/jpeg"}],"author":"agnes blaho","twitter_card":"summary_large_image","twitter_misc":{"Written by":"agnes blaho","Est. reading time":"2 minutes"},"schema":{"@context":"https:\/\/schema.org","@graph":[{"@type":"Article","@id":"https:\/\/www.stilladrops.hu\/en\/seasonal-hair-loss-why-it-happens-and-how-to-manage-it\/#article","isPartOf":{"@id":"https:\/\/www.stilladrops.hu\/en\/seasonal-hair-loss-why-it-happens-and-how-to-manage-it\/"},"author":{"name":"agnes blaho","@id":"https:\/\/www.stilladrops.hu\/#\/schema\/person\/907ca1a80dfaae5ce40fa9d38b79fefa"},"headline":"Seasonal Hair Loss: Why It Happens, and How to Manage It","datePublished":"2025-01-14T15:13:05+00:00","dateModified":"2025-03-03T21:04:39+00:00","mainEntityOfPage":{"@id":"https:\/\/www.stilladrops.hu\/en\/seasonal-hair-loss-why-it-happens-and-how-to-manage-it\/"},"wordCount":460,"publisher":{"@id":"https:\/\/www.stilladrops.hu\/#organization"},"articleSection":["Stilla"],"inLanguage":"en-US"},{"@type":"WebPage","@id":"https:\/\/www.stilladrops.hu\/en\/seasonal-hair-loss-why-it-happens-and-how-to-manage-it\/","url":"https:\/\/www.stilladrops.hu\/en\/seasonal-hair-loss-why-it-happens-and-how-to-manage-it\/","name":"Seasonal Hair Loss: Why It Happens, and How to Manage It - Stilla","isPartOf":{"@id":"https:\/\/www.stilladrops.hu\/#website"},"datePublished":"2025-01-14T15:13:05+00:00","dateModified":"2025-03-03T21:04:39+00:00","breadcrumb":{"@id":"https:\/\/www.stilladrops.hu\/en\/seasonal-hair-loss-why-it-happens-and-how-to-manage-it\/#breadcrumb"},"inLanguage":"en-US","potentialAction":[{"@type":"ReadAction","target":["https:\/\/www.stilladrops.hu\/en\/seasonal-hair-loss-why-it-happens-and-how-to-manage-it\/"]}]},{"@type":"BreadcrumbList","@id":"https:\/\/www.stilladrops.hu\/en\/seasonal-hair-loss-why-it-happens-and-how-to-manage-it\/#breadcrumb","itemListElement":[{"@type":"ListItem","position":1,"name":"Kezd\u0151lap","item":"https:\/\/www.stilladrops.hu\/"},{"@type":"ListItem","position":2,"name":"Seasonal Hair Loss: Why It Happens, and How to Manage It"}]},{"@type":"WebSite","@id":"https:\/\/www.stilladrops.hu\/#website","url":"https:\/\/www.stilladrops.hu\/","name":"Stilla","description":"V\u00edzalap\u00fa mikrot\u00e1panyag-cseppek a leg\u00fajabb fulvinsav-technol\u00f3gi\u00e1val.","publisher":{"@id":"https:\/\/www.stilladrops.hu\/#organization"},"potentialAction":[{"@type":"SearchAction","target":{"@type":"EntryPoint","urlTemplate":"https:\/\/www.stilladrops.hu\/?s={search_term_string}"},"query-input":{"@type":"PropertyValueSpecification","valueRequired":true,"valueName":"search_term_string"}}],"inLanguage":"en-US"},{"@type":"Organization","@id":"https:\/\/www.stilladrops.hu\/#organization","name":"Stilla","url":"https:\/\/www.stilladrops.hu\/","logo":{"@type":"ImageObject","inLanguage":"en-US","@id":"https:\/\/www.stilladrops.hu\/#\/schema\/logo\/image\/","url":"https:\/\/www.stilladrops.hu\/wp-content\/uploads\/2023\/03\/favicon.jpg","contentUrl":"https:\/\/www.stilladrops.hu\/wp-content\/uploads\/2023\/03\/favicon.jpg","width":150,"height":150,"caption":"Stilla"},"image":{"@id":"https:\/\/www.stilladrops.hu\/#\/schema\/logo\/image\/"},"sameAs":["https:\/\/www.facebook.com\/stillapure","https:\/\/www.youtube.com\/@StillaPure","https:\/\/www.instagram.com\/stilladrops","https:\/\/www.linkedin.com\/company\/stilladrops"],"description":"A Stilla term\u00e9kek nemcsak innovat\u00edvak, hanem \u00e1tgondoltan emberk\u00f6zpont\u00faak is. Olyan k\u00e9sz\u00edtm\u00e9nyeket alkotunk, amelyeket mi magunk is fogyasztunk \u00e9s sz\u00edvesen adunk szeretteinknek \u2013 mert sz\u00e1munkra az eg\u00e9szs\u00e9g nem csak c\u00e9l, hanem hossz\u00fat\u00e1v\u00fa befektet\u00e9s is.","email":"info@stilladrops.hu","telephone":"+36 30 362 8123","legalName":"Quattroceuticals KFT.","publishingPrinciples":"https:\/\/www.stilladrops.hu\/technologia\/","ownershipFundingInfo":"https:\/\/www.stilladrops.hu\/elerhetosegek\/"},{"@type":"Person","@id":"https:\/\/www.stilladrops.hu\/#\/schema\/person\/907ca1a80dfaae5ce40fa9d38b79fefa","name":"agnes blaho","image":{"@type":"ImageObject","inLanguage":"en-US","@id":"https:\/\/secure.gravatar.com\/avatar\/436a1f4f42f1269946bc29f8c3a171b084da7b4aacf0b3ef6b49e5e44a0a9890?s=96&d=mm&r=g","url":"https:\/\/secure.gravatar.com\/avatar\/436a1f4f42f1269946bc29f8c3a171b084da7b4aacf0b3ef6b49e5e44a0a9890?s=96&d=mm&r=g","contentUrl":"https:\/\/secure.gravatar.com\/avatar\/436a1f4f42f1269946bc29f8c3a171b084da7b4aacf0b3ef6b49e5e44a0a9890?s=96&d=mm&r=g","caption":"agnes blaho"},"url":"https:\/\/www.stilladrops.hu\/en\/author\/agi1\/"}]}},"uagb_featured_image_src":{"full":false,"thumbnail":false,"medium":false,"medium_large":false,"large":false,"1536x1536":false,"2048x2048":false,"100x-size":false,"138x-size":false,"woocommerce_thumbnail":false,"woocommerce_single":false,"woocommerce_gallery_thumbnail":false},"uagb_author_info":{"display_name":"agnes blaho","author_link":"https:\/\/www.stilladrops.hu\/en\/author\/agi1\/"},"uagb_comment_info":0,"uagb_excerpt":"Seasonal hair loss affects many people, particularly during the autumn months. While this is a natural phenomenon, it can still be alarming to see more hair shedding than usual. But why does it happen, and what can you [&hellip;]","_links":{"self":[{"href":"https:\/\/www.stilladrops.hu\/en\/wp-json\/wp\/v2\/posts\/4986","targetHints":{"allow":["GET"]}}],"collection":[{"href":"https:\/\/www.stilladrops.hu\/en\/wp-json\/wp\/v2\/posts"}],"about":[{"href":"https:\/\/www.stilladrops.hu\/en\/wp-json\/wp\/v2\/types\/post"}],"author":[{"embeddable":true,"href":"https:\/\/www.stilladrops.hu\/en\/wp-json\/wp\/v2\/users\/31"}],"replies":[{"embeddable":true,"href":"https:\/\/www.stilladrops.hu\/en\/wp-json\/wp\/v2\/comments?post=4986"}],"version-history":[{"count":1,"href":"https:\/\/www.stilladrops.hu\/en\/wp-json\/wp\/v2\/posts\/4986\/revisions"}],"predecessor-version":[{"id":6420,"href":"https:\/\/www.stilladrops.hu\/en\/wp-json\/wp\/v2\/posts\/4986\/revisions\/6420"}],"wp:attachment":[{"href":"https:\/\/www.stilladrops.hu\/en\/wp-json\/wp\/v2\/media?parent=4986"}],"wp:term":[{"taxonomy":"category","embeddable":true,"href":"https:\/\/www.stilladrops.hu\/en\/wp-json\/wp\/v2\/categories?post=4986"},{"taxonomy":"post_tag","embeddable":true,"href":"https:\/\/www.stilladrops.hu\/en\/wp-json\/wp\/v2\/tags?post=4986"}],"curies":[{"name":"wp","href":"https:\/\/api.w.org\/{rel}","templated":true}]}}